{"id":1670,"date":"2019-01-03T12:57:08","date_gmt":"2019-01-03T10:57:08","guid":{"rendered":"https:\/\/blog.antoniuscaviar.com\/?p=1670"},"modified":"2023-01-08T12:55:51","modified_gmt":"2023-01-08T10:55:51","slug":"muzeum-susch-czyli-wyjatkowe-miejsce-w-alpejskiej-dolinie","status":"publish","type":"post","link":"https:\/\/antoniuscaviar.com\/pl\/muzeum-susch-czyli-wyjatkowe-miejsce-w-alpejskiej-dolinie\/","title":{"rendered":"Susch, czyli wyj\u0105tkowe muzeum w alpejskiej dolinie"},"content":{"rendered":"<p><strong>Kieruj\u0105c si\u0119 niezawodn\u0105 intuicj\u0105, znana oraz ceniona kolekcjonerka dzie\u0142 sztuki Gra\u017cyna Kulczyk, zaadaptowa\u0142a dawny klasztor i browar, by w tej nietypowej (i niezwykle wyj\u0105tkowej!) przestrzeni prezentowa\u0107 prace najwybitniejszych wsp\u00f3\u0142czesnych artyst\u00f3w. Otwarcie Muzeum Susch w licz\u0105cym zaledwie 200 mieszka\u0144c\u00f3w szwajcarskim miasteczku, zgromadzi\u0142o dziesi\u0105tki mi\u0142o\u015bnik\u00f3w sztuki.<\/strong><\/p>\n<p>Dwadzie\u015bcia pi\u0119\u0107 sal, ponad 1500 metr\u00f3w kwadratowych powierzchni wystawienniczej, biblioteka, sala wyk\u0142adowa i biura. Te suche dane nie tylko nie oddaj\u0105 nawet u\u0142amka tego, jak urokliwe jest Susch, ale przede wszystkim nie wydaj\u0105 si\u0119 by\u0107 niczym, co mog\u0142oby przyci\u0105gn\u0105\u0107 uwag\u0119 ca\u0142ego \u015bwiata. Perspektywa staje si\u0119 jednak zupe\u0142nie inna, gdy wyobrazimy sobie, \u017ce po\u0142o\u017cone na wysoko\u015bci 1438 m n.p.m. muzeum dziel\u0105 od Zurychu niemal 3 godziny drogi, a okolic\u0119 ju\u017c od pa\u017adziernika pokrywaj\u0105 po\u0142acie \u015bniegu.<\/p>\n<p><img decoding=\"async\" loading=\"lazy\" class=\"alignnone wp-image-1687 size-full\" src=\"https:\/\/antoniuscaviar.com\/wp-content\/uploads\/2019\/01\/IMG_0185-1.jpg\" alt=\"\" width=\"768\" height=\"1024\" srcset=\"https:\/\/antoniuscaviar.com\/wp-content\/uploads\/2019\/01\/IMG_0185-1.jpg 768w, https:\/\/antoniuscaviar.com\/wp-content\/uploads\/2019\/01\/IMG_0185-1-600x800.jpg 600w, https:\/\/antoniuscaviar.com\/wp-content\/uploads\/2019\/01\/IMG_0185-1-250x333.jpg 250w, https:\/\/antoniuscaviar.com\/wp-content\/uploads\/2019\/01\/IMG_0185-1-700x933.jpg 700w, https:\/\/antoniuscaviar.com\/wp-content\/uploads\/2019\/01\/IMG_0185-1-120x160.jpg 120w\" sizes=\"(max-width: 768px) 100vw, 768px\" \/><\/p>\n<p>Opuszczone budynki \u015bredniowiecznego klasztoru i s\u0105siaduj\u0105cego z nim XIX-wiecznego browaru zaadaptowano na przestrze\u0144 wystawiennicz\u0105 dbaj\u0105c o najmniejszy detal. Tynki wykonano technik\u0105 sprzed 800 lat, wyeksponowano drewniane elementy konstrukcji, zachowano historyczne posadzki. Obok dawnych grot, s\u0142u\u017c\u0105cych za ch\u0142odnie, wykreowano \u2013 wysadzaj\u0105c ponad 9 tys. ton kamieni \u2013 nowe przestrzenie. Jak trafnie napisa\u0142 Stach Szab\u0142owski \u201epo kamieniach cieknie woda z&nbsp;podziemnych strumieni, osadzaj\u0105 si\u0119 wapienne osady; trudno o&nbsp;dobitniejsz\u0105 metafor\u0119 \u017cywego miejsca, tworzonego jako alternatywa dla sterylnych przestrzeni-pude\u0142ek, w&nbsp;kt\u00f3re pakuje si\u0119 sztuk\u0119 we wsp\u00f3\u0142czesnych galeriach\u201d.<\/p>\n<p><img decoding=\"async\" loading=\"lazy\" class=\"alignnone wp-image-1726 size-large\" src=\"https:\/\/antoniuscaviar.com\/wp-content\/uploads\/2019\/01\/image2-1-e1548683331681-700x933.jpeg\" alt=\"\" width=\"640\" height=\"853\" srcset=\"https:\/\/antoniuscaviar.com\/wp-content\/uploads\/2019\/01\/image2-1-e1548683331681-700x933.jpeg 700w, https:\/\/antoniuscaviar.com\/wp-content\/uploads\/2019\/01\/image2-1-e1548683331681-600x800.jpeg 600w, https:\/\/antoniuscaviar.com\/wp-content\/uploads\/2019\/01\/image2-1-e1548683331681-250x333.jpeg 250w, https:\/\/antoniuscaviar.com\/wp-content\/uploads\/2019\/01\/image2-1-e1548683331681.jpeg 768w, https:\/\/antoniuscaviar.com\/wp-content\/uploads\/2019\/01\/image2-1-e1548683331681-120x160.jpeg 120w\" sizes=\"(max-width: 640px) 100vw, 640px\" \/> <img decoding=\"async\" loading=\"lazy\" class=\"alignnone wp-image-1725 size-large\" src=\"https:\/\/antoniuscaviar.com\/wp-content\/uploads\/2019\/01\/image1-1-e1548683341229-700x933.jpeg\" alt=\"\" width=\"640\" height=\"853\" srcset=\"https:\/\/antoniuscaviar.com\/wp-content\/uploads\/2019\/01\/image1-1-e1548683341229-700x933.jpeg 700w, https:\/\/antoniuscaviar.com\/wp-content\/uploads\/2019\/01\/image1-1-e1548683341229-600x800.jpeg 600w, https:\/\/antoniuscaviar.com\/wp-content\/uploads\/2019\/01\/image1-1-e1548683341229-250x333.jpeg 250w, https:\/\/antoniuscaviar.com\/wp-content\/uploads\/2019\/01\/image1-1-e1548683341229.jpeg 768w, https:\/\/antoniuscaviar.com\/wp-content\/uploads\/2019\/01\/image1-1-e1548683341229-120x160.jpeg 120w\" sizes=\"(max-width: 640px) 100vw, 640px\" \/><\/p>\n<p>Na otwarcie muzeum czekano trzy lata. Tyle czasu min\u0119\u0142o bowiem od og\u0142oszenia projektu przez Gra\u017cyn\u0119 Kulczyk do jego realizacji. Obserwuj\u0105c efekty, wydaje si\u0119 \u017ce inwestorka potrafi\u0142a sprawi\u0107, by ka\u017cdy mijaj\u0105cy rok mia\u0142 nie 365, ale przynajmniej jeszcze raz tyle dni roboczych. Efekt jest spektakularny, a stanowi\u0105ce sta\u0142e elementy wystawy instalacje artystyczne bezb\u0142\u0119dnie wkomponowano w architektur\u0119 budynk\u00f3w (ponad 14-metrowa praca Moniki Sosnowskiej czy siedmiotonowa rze\u017aba Adriana Villara Rojasa).<\/p>\n<p><img decoding=\"async\" loading=\"lazy\" class=\"alignnone wp-image-1728 size-large\" src=\"https:\/\/antoniuscaviar.com\/wp-content\/uploads\/2019\/01\/image4-1-e1548683311430-700x933.jpeg\" alt=\"\" width=\"640\" height=\"853\" srcset=\"https:\/\/antoniuscaviar.com\/wp-content\/uploads\/2019\/01\/image4-1-e1548683311430-700x933.jpeg 700w, https:\/\/antoniuscaviar.com\/wp-content\/uploads\/2019\/01\/image4-1-e1548683311430-600x800.jpeg 600w, https:\/\/antoniuscaviar.com\/wp-content\/uploads\/2019\/01\/image4-1-e1548683311430-250x333.jpeg 250w, https:\/\/antoniuscaviar.com\/wp-content\/uploads\/2019\/01\/image4-1-e1548683311430.jpeg 768w, https:\/\/antoniuscaviar.com\/wp-content\/uploads\/2019\/01\/image4-1-e1548683311430-120x160.jpeg 120w\" sizes=\"(max-width: 640px) 100vw, 640px\" \/>&nbsp;<img decoding=\"async\" loading=\"lazy\" class=\"alignnone wp-image-1748 size-full\" src=\"https:\/\/antoniuscaviar.com\/wp-content\/uploads\/2019\/01\/IMG_8647-e1548684107545.jpeg\" alt=\"\" width=\"600\" height=\"800\" srcset=\"https:\/\/antoniuscaviar.com\/wp-content\/uploads\/2019\/01\/IMG_8647-e1548684107545.jpeg 600w, https:\/\/antoniuscaviar.com\/wp-content\/uploads\/2019\/01\/IMG_8647-e1548684107545-250x333.jpeg 250w, https:\/\/antoniuscaviar.com\/wp-content\/uploads\/2019\/01\/IMG_8647-e1548684107545-120x160.jpeg 120w\" sizes=\"(max-width: 600px) 100vw, 600px\" \/><\/p>\n<p>Fundatorka zadecydowa\u0142a, \u017ce podczas wystawy inauguruj\u0105cej dzia\u0142alno\u015b\u0107 plac\u00f3wki, wyeksponowane zostan\u0105 przede wszystkim dzie\u0142a kobiet-artystek. Kuratorka Kasia Redzisz zadecydowa\u0142a o tytule, zaczerpni\u0119tym z eseju Siri Hustvedt: \u201eKobiety patrz\u0105ce na m\u0119\u017cczyzn patrz\u0105cych na kobiety\u201d. W\u015br\u00f3d 57 prac, mniej ni\u017c po\u0142owa nale\u017cy do kolekcji Gra\u017cyny Kulczyk, co ma by\u0107 sta\u0142ym trendem kolejnych ekspozycji (do ko\u0144ca 2019 roku planowane s\u0105 jeszcze dwie wystawy). W\u015br\u00f3d dzie\u0142 mo\u017cna odnale\u017a\u0107 prace Carly Accardi, Magdaleny Abakanowicz, Heleny Almeidy, Marii Bartuszovej, Teresy P\u0105gowskiej, Sylvii Sleigh czy Hannah Wilke. W sta\u0142ej kolekcji znalaz\u0142o si\u0119 jedena\u015bcie prac polskich i zagranicznych artyst\u00f3w, mi\u0119dzy innymi Zofii Kulik oraz Piotra Ukla\u0144skiego.<\/p>\n<p>A my, dlaczego w\u0142a\u015bnie o tym wydarzeniu piszemy na naszym blogu? Po pierwsze jeste\u015bmy ogromnie dumni, \u017ce tak niezwyk\u0142e miejsce stworzy\u0142a Polka, a po drugie \u2013 mieli\u015bmy okazj\u0119 uczestniczy\u0107 w wyj\u0105tkowym wydarzeniu jakim by\u0142o uroczyste otwarcie muzeum. Proponuj\u0105c Go\u015bciom degustacj\u0119 kawioru Antonius Caviar, podzielili\u015bmy si\u0119 z nimi tym, co mamy najlepsze. A do Susch z pewno\u015bci\u0105 b\u0119dziemy jeszcze nie raz wraca\u0107. To miejsce, kt\u00f3re po prostu przyci\u0105ga jak magnez.<\/p>\n<p><img decoding=\"async\" loading=\"lazy\" class=\"alignnone wp-image-1730 size-large\" src=\"https:\/\/antoniuscaviar.com\/wp-content\/uploads\/2019\/01\/IMG_0112-2-700x750.jpg\" alt=\"\" width=\"640\" height=\"686\" srcset=\"https:\/\/antoniuscaviar.com\/wp-content\/uploads\/2019\/01\/IMG_0112-2-700x750.jpg 700w, https:\/\/antoniuscaviar.com\/wp-content\/uploads\/2019\/01\/IMG_0112-2-600x643.jpg 600w, https:\/\/antoniuscaviar.com\/wp-content\/uploads\/2019\/01\/IMG_0112-2-250x268.jpg 250w, https:\/\/antoniuscaviar.com\/wp-content\/uploads\/2019\/01\/IMG_0112-2-768x822.jpg 768w, https:\/\/antoniuscaviar.com\/wp-content\/uploads\/2019\/01\/IMG_0112-2-120x129.jpg 120w, https:\/\/antoniuscaviar.com\/wp-content\/uploads\/2019\/01\/IMG_0112-2.jpg 959w\" sizes=\"(max-width: 640px) 100vw, 640px\" \/>&nbsp;<img decoding=\"async\" loading=\"lazy\" class=\"alignnone wp-image-1666 size-large\" src=\"https:\/\/antoniuscaviar.com\/wp-content\/uploads\/2019\/01\/IMG_20181229_140441-e1548420060457-700x933.jpg\" alt=\"\" width=\"640\" height=\"853\" srcset=\"https:\/\/antoniuscaviar.com\/wp-content\/uploads\/2019\/01\/IMG_20181229_140441-e1548420060457-700x933.jpg 700w, https:\/\/antoniuscaviar.com\/wp-content\/uploads\/2019\/01\/IMG_20181229_140441-e1548420060457-600x800.jpg 600w, https:\/\/antoniuscaviar.com\/wp-content\/uploads\/2019\/01\/IMG_20181229_140441-e1548420060457-250x333.jpg 250w, https:\/\/antoniuscaviar.com\/wp-content\/uploads\/2019\/01\/IMG_20181229_140441-e1548420060457-768x1024.jpg 768w, https:\/\/antoniuscaviar.com\/wp-content\/uploads\/2019\/01\/IMG_20181229_140441-e1548420060457-120x160.jpg 120w\" sizes=\"(max-width: 640px) 100vw, 640px\" \/><\/p>\n","protected":false},"excerpt":{"rendered":"<p>Kieruj\u0105c si\u0119 niezawodn\u0105 intuicj\u0105, znana oraz ceniona kolekcjonerka dzie\u0142 sztuki Gra\u017cyna Kulczyk, zaadaptowa\u0142a dawny klasztor i browar, by w tej nietypowej (i niezwykle wyj\u0105tkowej!) przestrzeni prezentowa\u0107 prace najwybitniejszych wsp\u00f3\u0142czesnych artyst\u00f3w. Otwarcie Muzeum Susch w licz\u0105cym zaledwie 200 mieszka\u0144c\u00f3w szwajcarskim miasteczku, zgromadzi\u0142o dziesi\u0105tki mi\u0142o\u015bnik\u00f3w sztuki. Dwadzie\u015bcia pi\u0119\u0107 sal, ponad 1500 metr\u00f3w kwadratowych powierzchni wystawienniczej, biblioteka, sala [&hellip;]<\/p>\n","protected":false},"author":7,"featured_media":11071,"comment_status":"closed","ping_status":"closed","sticky":false,"template":"","format":"standard","meta":{"inline_featured_image":false},"categories":[213],"tags":[],"recipe-prepare-time":[],"recipe-difficulty-level":[],"recipe-type":[],"acf":[],"yoast_head":"<!-- This site is optimized with the Yoast SEO plugin v19.10 - https:\/\/yoast.com\/wordpress\/plugins\/seo\/ -->\n<title>Susch, czyli wyj\u0105tkowe muzeum w alpejskiej dolinie - Sklep \u2014 Antonius Caviar<\/title>\n<meta name=\"robots\" content=\"index, follow, max-snippet:-1, max-image-preview:large, max-video-preview:-1\" \/>\n<link rel=\"canonical\" href=\"https:\/\/antoniuscaviar.com\/pl\/muzeum-susch-czyli-wyjatkowe-miejsce-w-alpejskiej-dolinie\/\" \/>\n<meta property=\"og:locale\" content=\"pl_PL\" \/>\n<meta property=\"og:type\" content=\"article\" \/>\n<meta property=\"og:title\" content=\"Susch, czyli wyj\u0105tkowe muzeum w alpejskiej dolinie - Sklep \u2014 Antonius Caviar\" \/>\n<meta property=\"og:description\" content=\"Kieruj\u0105c si\u0119 niezawodn\u0105 intuicj\u0105, znana oraz ceniona kolekcjonerka dzie\u0142 sztuki Gra\u017cyna Kulczyk, zaadaptowa\u0142a dawny klasztor i browar, by w tej nietypowej (i niezwykle wyj\u0105tkowej!) przestrzeni prezentowa\u0107 prace najwybitniejszych wsp\u00f3\u0142czesnych artyst\u00f3w. Otwarcie Muzeum Susch w licz\u0105cym zaledwie 200 mieszka\u0144c\u00f3w szwajcarskim miasteczku, zgromadzi\u0142o dziesi\u0105tki mi\u0142o\u015bnik\u00f3w sztuki. Dwadzie\u015bcia pi\u0119\u0107 sal, ponad 1500 metr\u00f3w kwadratowych powierzchni wystawienniczej, biblioteka, sala [&hellip;]\" \/>\n<meta property=\"og:url\" content=\"https:\/\/antoniuscaviar.com\/pl\/muzeum-susch-czyli-wyjatkowe-miejsce-w-alpejskiej-dolinie\/\" \/>\n<meta property=\"og:site_name\" content=\"Sklep \u2014 Antonius Caviar\" \/>\n<meta property=\"article:published_time\" content=\"2019-01-03T10:57:08+00:00\" \/>\n<meta property=\"article:modified_time\" content=\"2023-01-08T10:55:51+00:00\" \/>\n<meta property=\"og:image\" content=\"https:\/\/antoniuscaviar.com\/wp-content\/uploads\/2019\/01\/IMG_0185-3.jpg\" \/>\n\t<meta property=\"og:image:width\" content=\"768\" \/>\n\t<meta property=\"og:image:height\" content=\"1024\" \/>\n\t<meta property=\"og:image:type\" content=\"image\/jpeg\" \/>\n<meta name=\"author\" content=\"mjaneczek\" \/>\n<meta name=\"twitter:card\" content=\"summary_large_image\" \/>\n<meta name=\"twitter:label1\" content=\"Napisane przez\" \/>\n\t<meta name=\"twitter:data1\" content=\"mjaneczek\" \/>\n\t<meta name=\"twitter:label2\" content=\"Szacowany czas czytania\" \/>\n\t<meta name=\"twitter:data2\" content=\"4 minuty\" \/>\n<script type=\"application\/ld+json\" class=\"yoast-schema-graph\">{\"@context\":\"https:\/\/schema.org\",\"@graph\":[{\"@type\":\"WebPage\",\"@id\":\"https:\/\/antoniuscaviar.com\/pl\/muzeum-susch-czyli-wyjatkowe-miejsce-w-alpejskiej-dolinie\/\",\"url\":\"https:\/\/antoniuscaviar.com\/pl\/muzeum-susch-czyli-wyjatkowe-miejsce-w-alpejskiej-dolinie\/\",\"name\":\"Susch, czyli wyj\u0105tkowe muzeum w alpejskiej dolinie - Sklep \u2014 Antonius Caviar\",\"isPartOf\":{\"@id\":\"https:\/\/antoniuscaviar.com\/pl\/#website\"},\"datePublished\":\"2019-01-03T10:57:08+00:00\",\"dateModified\":\"2023-01-08T10:55:51+00:00\",\"author\":{\"@id\":\"https:\/\/antoniuscaviar.com\/pl\/#\/schema\/person\/6c44d45be84897d5b6a140343727c885\"},\"breadcrumb\":{\"@id\":\"https:\/\/antoniuscaviar.com\/pl\/muzeum-susch-czyli-wyjatkowe-miejsce-w-alpejskiej-dolinie\/#breadcrumb\"},\"inLanguage\":\"pl-PL\",\"potentialAction\":[{\"@type\":\"ReadAction\",\"target\":[\"https:\/\/antoniuscaviar.com\/pl\/muzeum-susch-czyli-wyjatkowe-miejsce-w-alpejskiej-dolinie\/\"]}]},{\"@type\":\"BreadcrumbList\",\"@id\":\"https:\/\/antoniuscaviar.com\/pl\/muzeum-susch-czyli-wyjatkowe-miejsce-w-alpejskiej-dolinie\/#breadcrumb\",\"itemListElement\":[{\"@type\":\"ListItem\",\"position\":1,\"name\":\"Home\",\"item\":\"https:\/\/antoniuscaviar.com\/pl\/\"},{\"@type\":\"ListItem\",\"position\":2,\"name\":\"Susch, czyli wyj\u0105tkowe muzeum w alpejskiej dolinie\"}]},{\"@type\":\"WebSite\",\"@id\":\"https:\/\/antoniuscaviar.com\/pl\/#website\",\"url\":\"https:\/\/antoniuscaviar.com\/pl\/\",\"name\":\"Sklep \u2014 Antonius Caviar\",\"description\":\"\",\"potentialAction\":[{\"@type\":\"SearchAction\",\"target\":{\"@type\":\"EntryPoint\",\"urlTemplate\":\"https:\/\/antoniuscaviar.com\/pl\/?s={search_term_string}\"},\"query-input\":\"required name=search_term_string\"}],\"inLanguage\":\"pl-PL\"},{\"@type\":\"Person\",\"@id\":\"https:\/\/antoniuscaviar.com\/pl\/#\/schema\/person\/6c44d45be84897d5b6a140343727c885\",\"name\":\"mjaneczek\",\"image\":{\"@type\":\"ImageObject\",\"inLanguage\":\"pl-PL\",\"@id\":\"https:\/\/antoniuscaviar.com\/pl\/#\/schema\/person\/image\/\",\"url\":\"https:\/\/secure.gravatar.com\/avatar\/2140e97c098211b95383bee9fa57dcac?s=96&d=mm&r=g\",\"contentUrl\":\"https:\/\/secure.gravatar.com\/avatar\/2140e97c098211b95383bee9fa57dcac?s=96&d=mm&r=g\",\"caption\":\"mjaneczek\"},\"url\":\"https:\/\/antoniuscaviar.com\/pl\/author\/mjaneczek\/\"}]}<\/script>\n<!-- \/ Yoast SEO plugin. -->","yoast_head_json":{"title":"Susch, czyli wyj\u0105tkowe muzeum w alpejskiej dolinie - Sklep \u2014 Antonius Caviar","robots":{"index":"index","follow":"follow","max-snippet":"max-snippet:-1","max-image-preview":"max-image-preview:large","max-video-preview":"max-video-preview:-1"},"canonical":"https:\/\/antoniuscaviar.com\/pl\/muzeum-susch-czyli-wyjatkowe-miejsce-w-alpejskiej-dolinie\/","og_locale":"pl_PL","og_type":"article","og_title":"Susch, czyli wyj\u0105tkowe muzeum w alpejskiej dolinie - Sklep \u2014 Antonius Caviar","og_description":"Kieruj\u0105c si\u0119 niezawodn\u0105 intuicj\u0105, znana oraz ceniona kolekcjonerka dzie\u0142 sztuki Gra\u017cyna Kulczyk, zaadaptowa\u0142a dawny klasztor i browar, by w tej nietypowej (i niezwykle wyj\u0105tkowej!) przestrzeni prezentowa\u0107 prace najwybitniejszych wsp\u00f3\u0142czesnych artyst\u00f3w. Otwarcie Muzeum Susch w licz\u0105cym zaledwie 200 mieszka\u0144c\u00f3w szwajcarskim miasteczku, zgromadzi\u0142o dziesi\u0105tki mi\u0142o\u015bnik\u00f3w sztuki. Dwadzie\u015bcia pi\u0119\u0107 sal, ponad 1500 metr\u00f3w kwadratowych powierzchni wystawienniczej, biblioteka, sala [&hellip;]","og_url":"https:\/\/antoniuscaviar.com\/pl\/muzeum-susch-czyli-wyjatkowe-miejsce-w-alpejskiej-dolinie\/","og_site_name":"Sklep \u2014 Antonius Caviar","article_published_time":"2019-01-03T10:57:08+00:00","article_modified_time":"2023-01-08T10:55:51+00:00","og_image":[{"width":768,"height":1024,"url":"https:\/\/antoniuscaviar.com\/wp-content\/uploads\/2019\/01\/IMG_0185-3.jpg","type":"image\/jpeg"}],"author":"mjaneczek","twitter_card":"summary_large_image","twitter_misc":{"Napisane przez":"mjaneczek","Szacowany czas czytania":"4 minuty"},"schema":{"@context":"https:\/\/schema.org","@graph":[{"@type":"WebPage","@id":"https:\/\/antoniuscaviar.com\/pl\/muzeum-susch-czyli-wyjatkowe-miejsce-w-alpejskiej-dolinie\/","url":"https:\/\/antoniuscaviar.com\/pl\/muzeum-susch-czyli-wyjatkowe-miejsce-w-alpejskiej-dolinie\/","name":"Susch, czyli wyj\u0105tkowe muzeum w alpejskiej dolinie - Sklep \u2014 Antonius Caviar","isPartOf":{"@id":"https:\/\/antoniuscaviar.com\/pl\/#website"},"datePublished":"2019-01-03T10:57:08+00:00","dateModified":"2023-01-08T10:55:51+00:00","author":{"@id":"https:\/\/antoniuscaviar.com\/pl\/#\/schema\/person\/6c44d45be84897d5b6a140343727c885"},"breadcrumb":{"@id":"https:\/\/antoniuscaviar.com\/pl\/muzeum-susch-czyli-wyjatkowe-miejsce-w-alpejskiej-dolinie\/#breadcrumb"},"inLanguage":"pl-PL","potentialAction":[{"@type":"ReadAction","target":["https:\/\/antoniuscaviar.com\/pl\/muzeum-susch-czyli-wyjatkowe-miejsce-w-alpejskiej-dolinie\/"]}]},{"@type":"BreadcrumbList","@id":"https:\/\/antoniuscaviar.com\/pl\/muzeum-susch-czyli-wyjatkowe-miejsce-w-alpejskiej-dolinie\/#breadcrumb","itemListElement":[{"@type":"ListItem","position":1,"name":"Home","item":"https:\/\/antoniuscaviar.com\/pl\/"},{"@type":"ListItem","position":2,"name":"Susch, czyli wyj\u0105tkowe muzeum w alpejskiej dolinie"}]},{"@type":"WebSite","@id":"https:\/\/antoniuscaviar.com\/pl\/#website","url":"https:\/\/antoniuscaviar.com\/pl\/","name":"Sklep \u2014 Antonius Caviar","description":"","potentialAction":[{"@type":"SearchAction","target":{"@type":"EntryPoint","urlTemplate":"https:\/\/antoniuscaviar.com\/pl\/?s={search_term_string}"},"query-input":"required name=search_term_string"}],"inLanguage":"pl-PL"},{"@type":"Person","@id":"https:\/\/antoniuscaviar.com\/pl\/#\/schema\/person\/6c44d45be84897d5b6a140343727c885","name":"mjaneczek","image":{"@type":"ImageObject","inLanguage":"pl-PL","@id":"https:\/\/antoniuscaviar.com\/pl\/#\/schema\/person\/image\/","url":"https:\/\/secure.gravatar.com\/avatar\/2140e97c098211b95383bee9fa57dcac?s=96&d=mm&r=g","contentUrl":"https:\/\/secure.gravatar.com\/avatar\/2140e97c098211b95383bee9fa57dcac?s=96&d=mm&r=g","caption":"mjaneczek"},"url":"https:\/\/antoniuscaviar.com\/pl\/author\/mjaneczek\/"}]}},"_links":{"self":[{"href":"https:\/\/antoniuscaviar.com\/pl\/wp-json\/wp\/v2\/posts\/1670"}],"collection":[{"href":"https:\/\/antoniuscaviar.com\/pl\/wp-json\/wp\/v2\/posts"}],"about":[{"href":"https:\/\/antoniuscaviar.com\/pl\/wp-json\/wp\/v2\/types\/post"}],"author":[{"embeddable":true,"href":"https:\/\/antoniuscaviar.com\/pl\/wp-json\/wp\/v2\/users\/7"}],"replies":[{"embeddable":true,"href":"https:\/\/antoniuscaviar.com\/pl\/wp-json\/wp\/v2\/comments?post=1670"}],"version-history":[{"count":7,"href":"https:\/\/antoniuscaviar.com\/pl\/wp-json\/wp\/v2\/posts\/1670\/revisions"}],"predecessor-version":[{"id":11886,"href":"https:\/\/antoniuscaviar.com\/pl\/wp-json\/wp\/v2\/posts\/1670\/revisions\/11886"}],"wp:featuredmedia":[{"embeddable":true,"href":"https:\/\/antoniuscaviar.com\/pl\/wp-json\/wp\/v2\/media\/11071"}],"wp:attachment":[{"href":"https:\/\/antoniuscaviar.com\/pl\/wp-json\/wp\/v2\/media?parent=1670"}],"wp:term":[{"taxonomy":"category","embeddable":true,"href":"https:\/\/antoniuscaviar.com\/pl\/wp-json\/wp\/v2\/categories?post=1670"},{"taxonomy":"post_tag","embeddable":true,"href":"https:\/\/antoniuscaviar.com\/pl\/wp-json\/wp\/v2\/tags?post=1670"},{"taxonomy":"recipe-prepare-time","embeddable":true,"href":"https:\/\/antoniuscaviar.com\/pl\/wp-json\/wp\/v2\/recipe-prepare-time?post=1670"},{"taxonomy":"recipe-difficulty-level","embeddable":true,"href":"https:\/\/antoniuscaviar.com\/pl\/wp-json\/wp\/v2\/recipe-difficulty-level?post=1670"},{"taxonomy":"recipe-type","embeddable":true,"href":"https:\/\/antoniuscaviar.com\/pl\/wp-json\/wp\/v2\/recipe-type?post=1670"}],"curies":[{"name":"wp","href":"https:\/\/api.w.org\/{rel}","templated":true}]}}