{"id":2069,"date":"2019-06-18T10:13:44","date_gmt":"2019-06-18T08:13:44","guid":{"rendered":"https:\/\/blog.antoniuscaviar.com\/?p=2069"},"modified":"2023-01-08T12:06:57","modified_gmt":"2023-01-08T10:06:57","slug":"spotkajmy-sie-w-nowym-jorku","status":"publish","type":"post","link":"https:\/\/antoniuscaviar.com\/pl\/spotkajmy-sie-w-nowym-jorku\/","title":{"rendered":"Spotkajmy si\u0119 w Nowym Jorku!"},"content":{"rendered":"<p>Ju\u017c kolejny raz we\u017amiemy udzia\u0142 w najwi\u0119kszych targach w p\u00f3\u0142nocnej Ameryce, po\u015bwi\u0119conych wyj\u0105tkowym produktom spo\u017cywczym &#8211; Summer Fancy Food Show w Nowym Jorku. Tegoroczna letnia edycja targ\u00f3w zgromadzi ponad 2600 wystawc\u00f3w z ca\u0142ego \u015bwiata prezentuj\u0105cych ponad 200 000 produkt\u00f3w.<\/p>\n<p>Znajdziecie nas na <strong>stoisku nr 112<\/strong> Ministerstwa Rolnictwa i Rozwoju Wsi<strong>\u00a0<\/strong>w ramach mi\u0119dzynarodowego pawilonu, gdzie zaprezentujemy odwiedzaj\u0105cym nasz z dum\u0105 wyprodukowany w Polsce kawior.<\/p>\n","protected":false},"excerpt":{"rendered":"<p>Ju\u017c kolejny raz we\u017amiemy udzia\u0142 w najwi\u0119kszych targach w p\u00f3\u0142nocnej Ameryce, po\u015bwi\u0119conych wyj\u0105tkowym produktom spo\u017cywczym &#8211; Summer Fancy Food Show w Nowym Jorku. Tegoroczna letnia edycja targ\u00f3w zgromadzi ponad 2600 wystawc\u00f3w z ca\u0142ego \u015bwiata prezentuj\u0105cych ponad 200 000 produkt\u00f3w. Znajdziecie nas na stoisku nr 112 Ministerstwa Rolnictwa i Rozwoju Wsi\u00a0w ramach mi\u0119dzynarodowego pawilonu, gdzie zaprezentujemy [&hellip;]<\/p>\n","protected":false},"author":7,"featured_media":11792,"comment_status":"closed","ping_status":"closed","sticky":false,"template":"","format":"standard","meta":{"inline_featured_image":false},"categories":[213],"tags":[],"recipe-prepare-time":[],"recipe-difficulty-level":[],"recipe-type":[],"acf":[],"yoast_head":"<!-- This site is optimized with the Yoast SEO plugin v19.10 - https:\/\/yoast.com\/wordpress\/plugins\/seo\/ -->\n<title>Spotkajmy si\u0119 w Nowym Jorku! - Sklep \u2014 Antonius Caviar<\/title>\n<meta name=\"robots\" content=\"index, follow, max-snippet:-1, max-image-preview:large, max-video-preview:-1\" \/>\n<link rel=\"canonical\" href=\"https:\/\/antoniuscaviar.com\/pl\/spotkajmy-sie-w-nowym-jorku\/\" \/>\n<meta property=\"og:locale\" content=\"pl_PL\" \/>\n<meta property=\"og:type\" content=\"article\" \/>\n<meta property=\"og:title\" content=\"Spotkajmy si\u0119 w Nowym Jorku! - Sklep \u2014 Antonius Caviar\" \/>\n<meta property=\"og:description\" content=\"Ju\u017c kolejny raz we\u017amiemy udzia\u0142 w najwi\u0119kszych targach w p\u00f3\u0142nocnej Ameryce, po\u015bwi\u0119conych wyj\u0105tkowym produktom spo\u017cywczym &#8211; Summer Fancy Food Show w Nowym Jorku. Tegoroczna letnia edycja targ\u00f3w zgromadzi ponad 2600 wystawc\u00f3w z ca\u0142ego \u015bwiata prezentuj\u0105cych ponad 200 000 produkt\u00f3w. Znajdziecie nas na stoisku nr 112 Ministerstwa Rolnictwa i Rozwoju Wsi\u00a0w ramach mi\u0119dzynarodowego pawilonu, gdzie zaprezentujemy [&hellip;]\" \/>\n<meta property=\"og:url\" content=\"https:\/\/antoniuscaviar.com\/pl\/spotkajmy-sie-w-nowym-jorku\/\" \/>\n<meta property=\"og:site_name\" content=\"Sklep \u2014 Antonius Caviar\" \/>\n<meta property=\"article:published_time\" content=\"2019-06-18T08:13:44+00:00\" \/>\n<meta property=\"article:modified_time\" content=\"2023-01-08T10:06:57+00:00\" \/>\n<meta property=\"og:image\" content=\"https:\/\/antoniuscaviar.com\/wp-content\/uploads\/2018\/07\/SFF-bw-f.jpg\" \/>\n\t<meta property=\"og:image:width\" content=\"582\" \/>\n\t<meta property=\"og:image:height\" content=\"673\" \/>\n\t<meta property=\"og:image:type\" content=\"image\/jpeg\" \/>\n<meta name=\"author\" content=\"mjaneczek\" \/>\n<meta name=\"twitter:card\" content=\"summary_large_image\" \/>\n<meta name=\"twitter:label1\" content=\"Napisane przez\" \/>\n\t<meta name=\"twitter:data1\" content=\"mjaneczek\" \/>\n\t<meta name=\"twitter:label2\" content=\"Szacowany czas czytania\" \/>\n\t<meta name=\"twitter:data2\" content=\"1 minuta\" \/>\n<script type=\"application\/ld+json\" class=\"yoast-schema-graph\">{\"@context\":\"https:\/\/schema.org\",\"@graph\":[{\"@type\":\"WebPage\",\"@id\":\"https:\/\/antoniuscaviar.com\/pl\/spotkajmy-sie-w-nowym-jorku\/\",\"url\":\"https:\/\/antoniuscaviar.com\/pl\/spotkajmy-sie-w-nowym-jorku\/\",\"name\":\"Spotkajmy si\u0119 w Nowym Jorku! - Sklep \u2014 Antonius Caviar\",\"isPartOf\":{\"@id\":\"https:\/\/antoniuscaviar.com\/pl\/#website\"},\"datePublished\":\"2019-06-18T08:13:44+00:00\",\"dateModified\":\"2023-01-08T10:06:57+00:00\",\"author\":{\"@id\":\"https:\/\/antoniuscaviar.com\/pl\/#\/schema\/person\/6c44d45be84897d5b6a140343727c885\"},\"breadcrumb\":{\"@id\":\"https:\/\/antoniuscaviar.com\/pl\/spotkajmy-sie-w-nowym-jorku\/#breadcrumb\"},\"inLanguage\":\"pl-PL\",\"potentialAction\":[{\"@type\":\"ReadAction\",\"target\":[\"https:\/\/antoniuscaviar.com\/pl\/spotkajmy-sie-w-nowym-jorku\/\"]}]},{\"@type\":\"BreadcrumbList\",\"@id\":\"https:\/\/antoniuscaviar.com\/pl\/spotkajmy-sie-w-nowym-jorku\/#breadcrumb\",\"itemListElement\":[{\"@type\":\"ListItem\",\"position\":1,\"name\":\"Home\",\"item\":\"https:\/\/antoniuscaviar.com\/pl\/\"},{\"@type\":\"ListItem\",\"position\":2,\"name\":\"Spotkajmy si\u0119 w Nowym Jorku!\"}]},{\"@type\":\"WebSite\",\"@id\":\"https:\/\/antoniuscaviar.com\/pl\/#website\",\"url\":\"https:\/\/antoniuscaviar.com\/pl\/\",\"name\":\"Sklep \u2014 Antonius Caviar\",\"description\":\"\",\"potentialAction\":[{\"@type\":\"SearchAction\",\"target\":{\"@type\":\"EntryPoint\",\"urlTemplate\":\"https:\/\/antoniuscaviar.com\/pl\/?s={search_term_string}\"},\"query-input\":\"required name=search_term_string\"}],\"inLanguage\":\"pl-PL\"},{\"@type\":\"Person\",\"@id\":\"https:\/\/antoniuscaviar.com\/pl\/#\/schema\/person\/6c44d45be84897d5b6a140343727c885\",\"name\":\"mjaneczek\",\"image\":{\"@type\":\"ImageObject\",\"inLanguage\":\"pl-PL\",\"@id\":\"https:\/\/antoniuscaviar.com\/pl\/#\/schema\/person\/image\/\",\"url\":\"https:\/\/secure.gravatar.com\/avatar\/2140e97c098211b95383bee9fa57dcac?s=96&d=mm&r=g\",\"contentUrl\":\"https:\/\/secure.gravatar.com\/avatar\/2140e97c098211b95383bee9fa57dcac?s=96&d=mm&r=g\",\"caption\":\"mjaneczek\"},\"url\":\"https:\/\/antoniuscaviar.com\/pl\/author\/mjaneczek\/\"}]}<\/script>\n<!-- \/ Yoast SEO plugin. -->","yoast_head_json":{"title":"Spotkajmy si\u0119 w Nowym Jorku! - Sklep \u2014 Antonius Caviar","robots":{"index":"index","follow":"follow","max-snippet":"max-snippet:-1","max-image-preview":"max-image-preview:large","max-video-preview":"max-video-preview:-1"},"canonical":"https:\/\/antoniuscaviar.com\/pl\/spotkajmy-sie-w-nowym-jorku\/","og_locale":"pl_PL","og_type":"article","og_title":"Spotkajmy si\u0119 w Nowym Jorku! - Sklep \u2014 Antonius Caviar","og_description":"Ju\u017c kolejny raz we\u017amiemy udzia\u0142 w najwi\u0119kszych targach w p\u00f3\u0142nocnej Ameryce, po\u015bwi\u0119conych wyj\u0105tkowym produktom spo\u017cywczym &#8211; Summer Fancy Food Show w Nowym Jorku. Tegoroczna letnia edycja targ\u00f3w zgromadzi ponad 2600 wystawc\u00f3w z ca\u0142ego \u015bwiata prezentuj\u0105cych ponad 200 000 produkt\u00f3w. Znajdziecie nas na stoisku nr 112 Ministerstwa Rolnictwa i Rozwoju Wsi\u00a0w ramach mi\u0119dzynarodowego pawilonu, gdzie zaprezentujemy [&hellip;]","og_url":"https:\/\/antoniuscaviar.com\/pl\/spotkajmy-sie-w-nowym-jorku\/","og_site_name":"Sklep \u2014 Antonius Caviar","article_published_time":"2019-06-18T08:13:44+00:00","article_modified_time":"2023-01-08T10:06:57+00:00","og_image":[{"width":582,"height":673,"url":"https:\/\/antoniuscaviar.com\/wp-content\/uploads\/2018\/07\/SFF-bw-f.jpg","type":"image\/jpeg"}],"author":"mjaneczek","twitter_card":"summary_large_image","twitter_misc":{"Napisane przez":"mjaneczek","Szacowany czas czytania":"1 minuta"},"schema":{"@context":"https:\/\/schema.org","@graph":[{"@type":"WebPage","@id":"https:\/\/antoniuscaviar.com\/pl\/spotkajmy-sie-w-nowym-jorku\/","url":"https:\/\/antoniuscaviar.com\/pl\/spotkajmy-sie-w-nowym-jorku\/","name":"Spotkajmy si\u0119 w Nowym Jorku! - Sklep \u2014 Antonius Caviar","isPartOf":{"@id":"https:\/\/antoniuscaviar.com\/pl\/#website"},"datePublished":"2019-06-18T08:13:44+00:00","dateModified":"2023-01-08T10:06:57+00:00","author":{"@id":"https:\/\/antoniuscaviar.com\/pl\/#\/schema\/person\/6c44d45be84897d5b6a140343727c885"},"breadcrumb":{"@id":"https:\/\/antoniuscaviar.com\/pl\/spotkajmy-sie-w-nowym-jorku\/#breadcrumb"},"inLanguage":"pl-PL","potentialAction":[{"@type":"ReadAction","target":["https:\/\/antoniuscaviar.com\/pl\/spotkajmy-sie-w-nowym-jorku\/"]}]},{"@type":"BreadcrumbList","@id":"https:\/\/antoniuscaviar.com\/pl\/spotkajmy-sie-w-nowym-jorku\/#breadcrumb","itemListElement":[{"@type":"ListItem","position":1,"name":"Home","item":"https:\/\/antoniuscaviar.com\/pl\/"},{"@type":"ListItem","position":2,"name":"Spotkajmy si\u0119 w Nowym Jorku!"}]},{"@type":"WebSite","@id":"https:\/\/antoniuscaviar.com\/pl\/#website","url":"https:\/\/antoniuscaviar.com\/pl\/","name":"Sklep \u2014 Antonius Caviar","description":"","potentialAction":[{"@type":"SearchAction","target":{"@type":"EntryPoint","urlTemplate":"https:\/\/antoniuscaviar.com\/pl\/?s={search_term_string}"},"query-input":"required name=search_term_string"}],"inLanguage":"pl-PL"},{"@type":"Person","@id":"https:\/\/antoniuscaviar.com\/pl\/#\/schema\/person\/6c44d45be84897d5b6a140343727c885","name":"mjaneczek","image":{"@type":"ImageObject","inLanguage":"pl-PL","@id":"https:\/\/antoniuscaviar.com\/pl\/#\/schema\/person\/image\/","url":"https:\/\/secure.gravatar.com\/avatar\/2140e97c098211b95383bee9fa57dcac?s=96&d=mm&r=g","contentUrl":"https:\/\/secure.gravatar.com\/avatar\/2140e97c098211b95383bee9fa57dcac?s=96&d=mm&r=g","caption":"mjaneczek"},"url":"https:\/\/antoniuscaviar.com\/pl\/author\/mjaneczek\/"}]}},"_links":{"self":[{"href":"https:\/\/antoniuscaviar.com\/pl\/wp-json\/wp\/v2\/posts\/2069"}],"collection":[{"href":"https:\/\/antoniuscaviar.com\/pl\/wp-json\/wp\/v2\/posts"}],"about":[{"href":"https:\/\/antoniuscaviar.com\/pl\/wp-json\/wp\/v2\/types\/post"}],"author":[{"embeddable":true,"href":"https:\/\/antoniuscaviar.com\/pl\/wp-json\/wp\/v2\/users\/7"}],"replies":[{"embeddable":true,"href":"https:\/\/antoniuscaviar.com\/pl\/wp-json\/wp\/v2\/comments?post=2069"}],"version-history":[{"count":10,"href":"https:\/\/antoniuscaviar.com\/pl\/wp-json\/wp\/v2\/posts\/2069\/revisions"}],"predecessor-version":[{"id":11867,"href":"https:\/\/antoniuscaviar.com\/pl\/wp-json\/wp\/v2\/posts\/2069\/revisions\/11867"}],"wp:featuredmedia":[{"embeddable":true,"href":"https:\/\/antoniuscaviar.com\/pl\/wp-json\/wp\/v2\/media\/11792"}],"wp:attachment":[{"href":"https:\/\/antoniuscaviar.com\/pl\/wp-json\/wp\/v2\/media?parent=2069"}],"wp:term":[{"taxonomy":"category","embeddable":true,"href":"https:\/\/antoniuscaviar.com\/pl\/wp-json\/wp\/v2\/categories?post=2069"},{"taxonomy":"post_tag","embeddable":true,"href":"https:\/\/antoniuscaviar.com\/pl\/wp-json\/wp\/v2\/tags?post=2069"},{"taxonomy":"recipe-prepare-time","embeddable":true,"href":"https:\/\/antoniuscaviar.com\/pl\/wp-json\/wp\/v2\/recipe-prepare-time?post=2069"},{"taxonomy":"recipe-difficulty-level","embeddable":true,"href":"https:\/\/antoniuscaviar.com\/pl\/wp-json\/wp\/v2\/recipe-difficulty-level?post=2069"},{"taxonomy":"recipe-type","embeddable":true,"href":"https:\/\/antoniuscaviar.com\/pl\/wp-json\/wp\/v2\/recipe-type?post=2069"}],"curies":[{"name":"wp","href":"https:\/\/api.w.org\/{rel}","templated":true}]}}