{"id":395,"date":"2017-01-25T10:56:41","date_gmt":"2017-01-25T08:56:41","guid":{"rendered":"https:\/\/blog.antoniuscaviar.com\/?p=395"},"modified":"2023-01-09T15:16:07","modified_gmt":"2023-01-09T13:16:07","slug":"kongres-gastronomiczny-madrid-fusion-2017","status":"publish","type":"post","link":"https:\/\/antoniuscaviar.com\/pl\/kongres-gastronomiczny-madrid-fusion-2017\/","title":{"rendered":"Kongres gastronomiczny Madrid Fusion 2017"},"content":{"rendered":"<p><img decoding=\"async\" class=\"alignnone size-medium wp-image-396\" src=\"https:\/\/blog.antoniuscaviar.com\/wp-content\/uploads\/2017\/07\/madrid-fusion-720x266.jpg\" alt=\"\"><\/p>\n<p>Rok 2017 rozpocz\u0105\u0142 si\u0119 niezwykle pracowicie. Na moment oderwali\u015bmy si\u0119 od polskiej rzeczywisto\u015bci i ruszyli\u015bmy do Madrytu, na <strong>jeden z najwi\u0119kszych kongres\u00f3w gastronomicznych na \u015bwiecie<\/strong>: MADRID &nbsp;FUSI\u00d3N (23-25 stycznia 2017). 117 wyk\u0142adowc\u00f3w, 167 wystawc\u00f3w, 12300 zwiedzaj\u0105cych; spotkanie najwybitniejszych szef\u00f3w kuchni i pasjonat\u00f3w nie tylko hiszpa\u0144skich specja\u0142\u00f3w. W\u015br\u00f3d nich &#8211; r\u00f3wnie\u017c Antonius Caviar. Nasze stoisko odwiedzi\u0142o wielu szef\u00f3w kuchni z ca\u0142ej Hiszpanii. W\u015br\u00f3d amator\u00f3w polskiego kawioru znalaz\u0142a si\u0119 nawet sama wiceburmistrz Madrytu!<\/p>\n<p>&nbsp;<\/p>\n","protected":false},"excerpt":{"rendered":"<p>Rok 2017 rozpocz\u0105\u0142 si\u0119 niezwykle pracowicie. Na moment oderwali\u015bmy si\u0119 od polskiej rzeczywisto\u015bci i ruszyli\u015bmy do Madrytu, na jeden z najwi\u0119kszych kongres\u00f3w gastronomicznych na \u015bwiecie: MADRID &nbsp;FUSI\u00d3N (23-25 stycznia 2017). 117 wyk\u0142adowc\u00f3w, 167 wystawc\u00f3w, 12300 zwiedzaj\u0105cych; spotkanie najwybitniejszych szef\u00f3w kuchni i pasjonat\u00f3w nie tylko hiszpa\u0144skich specja\u0142\u00f3w. W\u015br\u00f3d nich &#8211; r\u00f3wnie\u017c Antonius Caviar. Nasze stoisko odwiedzi\u0142o [&hellip;]<\/p>\n","protected":false},"author":5,"featured_media":11463,"comment_status":"closed","ping_status":"closed","sticky":false,"template":"","format":"standard","meta":{"inline_featured_image":false},"categories":[213],"tags":[],"recipe-prepare-time":[],"recipe-difficulty-level":[],"recipe-type":[],"acf":[],"yoast_head":"<!-- This site is optimized with the Yoast SEO plugin v19.10 - https:\/\/yoast.com\/wordpress\/plugins\/seo\/ -->\n<title>Kongres gastronomiczny Madrid Fusion 2017 - Sklep \u2014 Antonius Caviar<\/title>\n<meta name=\"robots\" content=\"index, follow, max-snippet:-1, max-image-preview:large, max-video-preview:-1\" \/>\n<link rel=\"canonical\" href=\"https:\/\/antoniuscaviar.com\/pl\/kongres-gastronomiczny-madrid-fusion-2017\/\" \/>\n<meta property=\"og:locale\" content=\"pl_PL\" \/>\n<meta property=\"og:type\" content=\"article\" \/>\n<meta property=\"og:title\" content=\"Kongres gastronomiczny Madrid Fusion 2017 - Sklep \u2014 Antonius Caviar\" \/>\n<meta property=\"og:description\" content=\"Rok 2017 rozpocz\u0105\u0142 si\u0119 niezwykle pracowicie. Na moment oderwali\u015bmy si\u0119 od polskiej rzeczywisto\u015bci i ruszyli\u015bmy do Madrytu, na jeden z najwi\u0119kszych kongres\u00f3w gastronomicznych na \u015bwiecie: MADRID &nbsp;FUSI\u00d3N (23-25 stycznia 2017). 117 wyk\u0142adowc\u00f3w, 167 wystawc\u00f3w, 12300 zwiedzaj\u0105cych; spotkanie najwybitniejszych szef\u00f3w kuchni i pasjonat\u00f3w nie tylko hiszpa\u0144skich specja\u0142\u00f3w. W\u015br\u00f3d nich &#8211; r\u00f3wnie\u017c Antonius Caviar. Nasze stoisko odwiedzi\u0142o [&hellip;]\" \/>\n<meta property=\"og:url\" content=\"https:\/\/antoniuscaviar.com\/pl\/kongres-gastronomiczny-madrid-fusion-2017\/\" \/>\n<meta property=\"og:site_name\" content=\"Sklep \u2014 Antonius Caviar\" \/>\n<meta property=\"article:published_time\" content=\"2017-01-25T08:56:41+00:00\" \/>\n<meta property=\"article:modified_time\" content=\"2023-01-09T13:16:07+00:00\" \/>\n<meta property=\"og:image\" content=\"https:\/\/antoniuscaviar.com\/wp-content\/uploads\/2017\/01\/madrid-fusion-2017-pi.jpg\" \/>\n\t<meta property=\"og:image:width\" content=\"500\" \/>\n\t<meta property=\"og:image:height\" content=\"755\" \/>\n\t<meta property=\"og:image:type\" content=\"image\/jpeg\" \/>\n<meta name=\"author\" content=\"Joanna Szkudelska\" \/>\n<meta name=\"twitter:card\" content=\"summary_large_image\" \/>\n<meta name=\"twitter:label1\" content=\"Napisane przez\" \/>\n\t<meta name=\"twitter:data1\" content=\"Joanna Szkudelska\" \/>\n\t<meta name=\"twitter:label2\" content=\"Szacowany czas czytania\" \/>\n\t<meta name=\"twitter:data2\" content=\"1 minuta\" \/>\n<script type=\"application\/ld+json\" class=\"yoast-schema-graph\">{\"@context\":\"https:\/\/schema.org\",\"@graph\":[{\"@type\":\"WebPage\",\"@id\":\"https:\/\/antoniuscaviar.com\/pl\/kongres-gastronomiczny-madrid-fusion-2017\/\",\"url\":\"https:\/\/antoniuscaviar.com\/pl\/kongres-gastronomiczny-madrid-fusion-2017\/\",\"name\":\"Kongres gastronomiczny Madrid Fusion 2017 - Sklep \u2014 Antonius Caviar\",\"isPartOf\":{\"@id\":\"https:\/\/antoniuscaviar.com\/pl\/#website\"},\"datePublished\":\"2017-01-25T08:56:41+00:00\",\"dateModified\":\"2023-01-09T13:16:07+00:00\",\"author\":{\"@id\":\"https:\/\/antoniuscaviar.com\/pl\/#\/schema\/person\/75a6b12a9b5d244db02790975d30d6f6\"},\"breadcrumb\":{\"@id\":\"https:\/\/antoniuscaviar.com\/pl\/kongres-gastronomiczny-madrid-fusion-2017\/#breadcrumb\"},\"inLanguage\":\"pl-PL\",\"potentialAction\":[{\"@type\":\"ReadAction\",\"target\":[\"https:\/\/antoniuscaviar.com\/pl\/kongres-gastronomiczny-madrid-fusion-2017\/\"]}]},{\"@type\":\"BreadcrumbList\",\"@id\":\"https:\/\/antoniuscaviar.com\/pl\/kongres-gastronomiczny-madrid-fusion-2017\/#breadcrumb\",\"itemListElement\":[{\"@type\":\"ListItem\",\"position\":1,\"name\":\"Home\",\"item\":\"https:\/\/antoniuscaviar.com\/pl\/\"},{\"@type\":\"ListItem\",\"position\":2,\"name\":\"Kongres gastronomiczny Madrid Fusion 2017\"}]},{\"@type\":\"WebSite\",\"@id\":\"https:\/\/antoniuscaviar.com\/pl\/#website\",\"url\":\"https:\/\/antoniuscaviar.com\/pl\/\",\"name\":\"Sklep \u2014 Antonius Caviar\",\"description\":\"\",\"potentialAction\":[{\"@type\":\"SearchAction\",\"target\":{\"@type\":\"EntryPoint\",\"urlTemplate\":\"https:\/\/antoniuscaviar.com\/pl\/?s={search_term_string}\"},\"query-input\":\"required name=search_term_string\"}],\"inLanguage\":\"pl-PL\"},{\"@type\":\"Person\",\"@id\":\"https:\/\/antoniuscaviar.com\/pl\/#\/schema\/person\/75a6b12a9b5d244db02790975d30d6f6\",\"name\":\"Joanna Szkudelska\",\"image\":{\"@type\":\"ImageObject\",\"inLanguage\":\"pl-PL\",\"@id\":\"https:\/\/antoniuscaviar.com\/pl\/#\/schema\/person\/image\/\",\"url\":\"https:\/\/secure.gravatar.com\/avatar\/e592f3432a839b7fe8fa27faa0755221?s=96&d=mm&r=g\",\"contentUrl\":\"https:\/\/secure.gravatar.com\/avatar\/e592f3432a839b7fe8fa27faa0755221?s=96&d=mm&r=g\",\"caption\":\"Joanna Szkudelska\"},\"url\":\"https:\/\/antoniuscaviar.com\/pl\/author\/jszkudelska\/\"}]}<\/script>\n<!-- \/ Yoast SEO plugin. -->","yoast_head_json":{"title":"Kongres gastronomiczny Madrid Fusion 2017 - Sklep \u2014 Antonius Caviar","robots":{"index":"index","follow":"follow","max-snippet":"max-snippet:-1","max-image-preview":"max-image-preview:large","max-video-preview":"max-video-preview:-1"},"canonical":"https:\/\/antoniuscaviar.com\/pl\/kongres-gastronomiczny-madrid-fusion-2017\/","og_locale":"pl_PL","og_type":"article","og_title":"Kongres gastronomiczny Madrid Fusion 2017 - Sklep \u2014 Antonius Caviar","og_description":"Rok 2017 rozpocz\u0105\u0142 si\u0119 niezwykle pracowicie. Na moment oderwali\u015bmy si\u0119 od polskiej rzeczywisto\u015bci i ruszyli\u015bmy do Madrytu, na jeden z najwi\u0119kszych kongres\u00f3w gastronomicznych na \u015bwiecie: MADRID &nbsp;FUSI\u00d3N (23-25 stycznia 2017). 117 wyk\u0142adowc\u00f3w, 167 wystawc\u00f3w, 12300 zwiedzaj\u0105cych; spotkanie najwybitniejszych szef\u00f3w kuchni i pasjonat\u00f3w nie tylko hiszpa\u0144skich specja\u0142\u00f3w. W\u015br\u00f3d nich &#8211; r\u00f3wnie\u017c Antonius Caviar. Nasze stoisko odwiedzi\u0142o [&hellip;]","og_url":"https:\/\/antoniuscaviar.com\/pl\/kongres-gastronomiczny-madrid-fusion-2017\/","og_site_name":"Sklep \u2014 Antonius Caviar","article_published_time":"2017-01-25T08:56:41+00:00","article_modified_time":"2023-01-09T13:16:07+00:00","og_image":[{"width":500,"height":755,"url":"https:\/\/antoniuscaviar.com\/wp-content\/uploads\/2017\/01\/madrid-fusion-2017-pi.jpg","type":"image\/jpeg"}],"author":"Joanna Szkudelska","twitter_card":"summary_large_image","twitter_misc":{"Napisane przez":"Joanna Szkudelska","Szacowany czas czytania":"1 minuta"},"schema":{"@context":"https:\/\/schema.org","@graph":[{"@type":"WebPage","@id":"https:\/\/antoniuscaviar.com\/pl\/kongres-gastronomiczny-madrid-fusion-2017\/","url":"https:\/\/antoniuscaviar.com\/pl\/kongres-gastronomiczny-madrid-fusion-2017\/","name":"Kongres gastronomiczny Madrid Fusion 2017 - Sklep \u2014 Antonius Caviar","isPartOf":{"@id":"https:\/\/antoniuscaviar.com\/pl\/#website"},"datePublished":"2017-01-25T08:56:41+00:00","dateModified":"2023-01-09T13:16:07+00:00","author":{"@id":"https:\/\/antoniuscaviar.com\/pl\/#\/schema\/person\/75a6b12a9b5d244db02790975d30d6f6"},"breadcrumb":{"@id":"https:\/\/antoniuscaviar.com\/pl\/kongres-gastronomiczny-madrid-fusion-2017\/#breadcrumb"},"inLanguage":"pl-PL","potentialAction":[{"@type":"ReadAction","target":["https:\/\/antoniuscaviar.com\/pl\/kongres-gastronomiczny-madrid-fusion-2017\/"]}]},{"@type":"BreadcrumbList","@id":"https:\/\/antoniuscaviar.com\/pl\/kongres-gastronomiczny-madrid-fusion-2017\/#breadcrumb","itemListElement":[{"@type":"ListItem","position":1,"name":"Home","item":"https:\/\/antoniuscaviar.com\/pl\/"},{"@type":"ListItem","position":2,"name":"Kongres gastronomiczny Madrid Fusion 2017"}]},{"@type":"WebSite","@id":"https:\/\/antoniuscaviar.com\/pl\/#website","url":"https:\/\/antoniuscaviar.com\/pl\/","name":"Sklep \u2014 Antonius Caviar","description":"","potentialAction":[{"@type":"SearchAction","target":{"@type":"EntryPoint","urlTemplate":"https:\/\/antoniuscaviar.com\/pl\/?s={search_term_string}"},"query-input":"required name=search_term_string"}],"inLanguage":"pl-PL"},{"@type":"Person","@id":"https:\/\/antoniuscaviar.com\/pl\/#\/schema\/person\/75a6b12a9b5d244db02790975d30d6f6","name":"Joanna Szkudelska","image":{"@type":"ImageObject","inLanguage":"pl-PL","@id":"https:\/\/antoniuscaviar.com\/pl\/#\/schema\/person\/image\/","url":"https:\/\/secure.gravatar.com\/avatar\/e592f3432a839b7fe8fa27faa0755221?s=96&d=mm&r=g","contentUrl":"https:\/\/secure.gravatar.com\/avatar\/e592f3432a839b7fe8fa27faa0755221?s=96&d=mm&r=g","caption":"Joanna Szkudelska"},"url":"https:\/\/antoniuscaviar.com\/pl\/author\/jszkudelska\/"}]}},"_links":{"self":[{"href":"https:\/\/antoniuscaviar.com\/pl\/wp-json\/wp\/v2\/posts\/395"}],"collection":[{"href":"https:\/\/antoniuscaviar.com\/pl\/wp-json\/wp\/v2\/posts"}],"about":[{"href":"https:\/\/antoniuscaviar.com\/pl\/wp-json\/wp\/v2\/types\/post"}],"author":[{"embeddable":true,"href":"https:\/\/antoniuscaviar.com\/pl\/wp-json\/wp\/v2\/users\/5"}],"replies":[{"embeddable":true,"href":"https:\/\/antoniuscaviar.com\/pl\/wp-json\/wp\/v2\/comments?post=395"}],"version-history":[{"count":3,"href":"https:\/\/antoniuscaviar.com\/pl\/wp-json\/wp\/v2\/posts\/395\/revisions"}],"predecessor-version":[{"id":12006,"href":"https:\/\/antoniuscaviar.com\/pl\/wp-json\/wp\/v2\/posts\/395\/revisions\/12006"}],"wp:featuredmedia":[{"embeddable":true,"href":"https:\/\/antoniuscaviar.com\/pl\/wp-json\/wp\/v2\/media\/11463"}],"wp:attachment":[{"href":"https:\/\/antoniuscaviar.com\/pl\/wp-json\/wp\/v2\/media?parent=395"}],"wp:term":[{"taxonomy":"category","embeddable":true,"href":"https:\/\/antoniuscaviar.com\/pl\/wp-json\/wp\/v2\/categories?post=395"},{"taxonomy":"post_tag","embeddable":true,"href":"https:\/\/antoniuscaviar.com\/pl\/wp-json\/wp\/v2\/tags?post=395"},{"taxonomy":"recipe-prepare-time","embeddable":true,"href":"https:\/\/antoniuscaviar.com\/pl\/wp-json\/wp\/v2\/recipe-prepare-time?post=395"},{"taxonomy":"recipe-difficulty-level","embeddable":true,"href":"https:\/\/antoniuscaviar.com\/pl\/wp-json\/wp\/v2\/recipe-difficulty-level?post=395"},{"taxonomy":"recipe-type","embeddable":true,"href":"https:\/\/antoniuscaviar.com\/pl\/wp-json\/wp\/v2\/recipe-type?post=395"}],"curies":[{"name":"wp","href":"https:\/\/api.w.org\/{rel}","templated":true}]}}